{"id":6310,"date":"2024-08-19T08:57:09","date_gmt":"2024-08-19T11:57:09","guid":{"rendered":"https:\/\/nucleos.uepb.edu.br\/neas\/?p=6310"},"modified":"2024-08-19T10:35:03","modified_gmt":"2024-08-19T13:35:03","slug":"mente-sa-corpo-sa","status":"publish","type":"post","link":"https:\/\/nucleos.uepb.edu.br\/neas\/2024\/08\/19\/mente-sa-corpo-sa\/","title":{"rendered":"Mente s\u00e3, corpo s\u00e3"},"content":{"rendered":"<div class=\"wpb-content-wrapper\"><p>[vc_row][vc_column][vc_column_text css=&#8221;&#8221;]No Brasil, as principais causas para o absente\u00edsmo por doen\u00e7a em servidores p\u00fablicos s\u00e3o relacionadas a transtornos mentais ou comportamentais, al\u00e9m das doen\u00e7as osteomusculares, este fato pode ser reflexo do estilo de vida desses trabalhadores,issso deve-se na maioria das vezes em fun\u00e7\u00e3o da sua din\u00e2mica de comportamento sedent\u00e1rio, condi\u00e7\u00e3o que os predisp\u00f5e ao risco aumentado para o acometimento de diversos tipos de doen\u00e7as, principalmente as Doen\u00e7as Cr\u00f4nicas N\u00e3o Transmiss\u00edveis- DCNT. Aliado a isso, o comportamento alimentar,muitas vezes n\u00e3o saud\u00e1vel, agrava ainda mais a situa\u00e7\u00e3o de sa\u00fade(.Azevedo,2014) Ademais, os servidores p\u00fablicos s\u00e3o submetidos a regras formais r\u00edgidas, cujas caracter\u00edsticas podem ser importantes no processo sa\u00fade-doen\u00e7a, concomitante a isso existe car\u00eancia de a\u00e7\u00f5es institucionais que orienteme\/e incentivam cuidados com a sa\u00fade (Santi,2018).<\/p>\n<p>Ademais, quando se fala de sa\u00fade mental e f\u00edsica na \u00e1rea laboral, \u00e9 relevante pontuar o consumo de bebidas alco\u00f3licas e de fumo por serem produtos psicotr\u00f3picos,visto que atuam sobre o sistema nervoso central provocando mudan\u00e7as de comportamento e tendo potencial para desenvolver depend\u00eancia. Al\u00e9m disso, o fumo tem sido amplamente descrito como importante risco para diversos problemas de sa\u00fade como: cardiovasculares, pulmonares e certos tipos de c\u00e2nceres. Contudo, a informatiza\u00e7\u00e3o e a automa\u00e7\u00e3o entre outros avan\u00e7os tecnol\u00f3gicos modificaram a organiza\u00e7\u00e3o e os ambientes de trabalho, alterando o estilo de vida, por exemplo, com a diminui\u00e7\u00e3o do tempo dedicado ao lazer e a redu\u00e7\u00e3o das atividades f\u00edsicas. Esta \u00faltima tem sido apontada como importante determinante para a sa\u00fade.<\/p>\n<p>Dessa forma, \u00e9 evidente a necessidade de a\u00e7\u00f5es que visem mudar o estilo de vida dos trabalhadores.Por meio de a\u00e7\u00f5es que promovam a partilha de conhecimentos que possibilitam aos seus participantes identificarem poss\u00edveis barreiras para ades\u00e3o da pr\u00e1tica de atividade f\u00edsica, bem como reduzir o tempo em comportamento sedent\u00e1rio e manuten\u00e7\u00e3o de estilos de vida ativos e saud\u00e1veis.<\/p>\n<p><em>Juliana Santos<\/em><\/p>\n<div class=\"jetpack-video-wrapper\"><iframe loading=\"lazy\" title=\"NEAS PEPAD\" width=\"500\" height=\"281\" src=\"https:\/\/www.youtube.com\/embed\/uVBZQR8XleE?feature=oembed\" frameborder=\"0\" allow=\"accelerometer; autoplay; clipboard-write; encrypted-media; gyroscope; picture-in-picture; web-share\" referrerpolicy=\"strict-origin-when-cross-origin\" allowfullscreen><\/iframe><\/div>\n<\/div>","protected":false},"excerpt":{"rendered":"<p>[vc_row][vc_column][vc_column_text css=&#8221;&#8221;]No Brasil, as principais causas para o absente\u00edsmo por doen\u00e7a em servidores p\u00fablicos s\u00e3o relacionadas a transtornos mentais ou comportamentais, al\u00e9m das doen\u00e7as osteomusculares, este fato pode ser reflexo do estilo de vida desses trabalhadores,issso deve-se na maioria das vezes em fun\u00e7\u00e3o da sua din\u00e2mica de comportamento sedent\u00e1rio, condi\u00e7\u00e3o que os predisp\u00f5e ao risco <a class=\"leiamais\" href=\"https:\/\/nucleos.uepb.edu.br\/neas\/2024\/08\/19\/mente-sa-corpo-sa\/\">Leia Mais&#8230;<\/a><\/p>\n","protected":false},"author":11,"featured_media":0,"comment_status":"closed","ping_status":"closed","sticky":false,"template":"","format":"standard","meta":{"footnotes":""},"categories":[6],"tags":[],"class_list":["post-6310","post","type-post","status-publish","format-standard","hentry","category-noticias"],"jetpack_featured_media_url":"","_links":{"self":[{"href":"https:\/\/nucleos.uepb.edu.br\/neas\/wp-json\/wp\/v2\/posts\/6310","targetHints":{"allow":["GET"]}}],"collection":[{"href":"https:\/\/nucleos.uepb.edu.br\/neas\/wp-json\/wp\/v2\/posts"}],"about":[{"href":"https:\/\/nucleos.uepb.edu.br\/neas\/wp-json\/wp\/v2\/types\/post"}],"author":[{"embeddable":true,"href":"https:\/\/nucleos.uepb.edu.br\/neas\/wp-json\/wp\/v2\/users\/11"}],"replies":[{"embeddable":true,"href":"https:\/\/nucleos.uepb.edu.br\/neas\/wp-json\/wp\/v2\/comments?post=6310"}],"version-history":[{"count":5,"href":"https:\/\/nucleos.uepb.edu.br\/neas\/wp-json\/wp\/v2\/posts\/6310\/revisions"}],"predecessor-version":[{"id":6326,"href":"https:\/\/nucleos.uepb.edu.br\/neas\/wp-json\/wp\/v2\/posts\/6310\/revisions\/6326"}],"wp:attachment":[{"href":"https:\/\/nucleos.uepb.edu.br\/neas\/wp-json\/wp\/v2\/media?parent=6310"}],"wp:term":[{"taxonomy":"category","embeddable":true,"href":"https:\/\/nucleos.uepb.edu.br\/neas\/wp-json\/wp\/v2\/categories?post=6310"},{"taxonomy":"post_tag","embeddable":true,"href":"https:\/\/nucleos.uepb.edu.br\/neas\/wp-json\/wp\/v2\/tags?post=6310"}],"curies":[{"name":"wp","href":"https:\/\/api.w.org\/{rel}","templated":true}]}}